{"id":1097,"date":"2024-12-16T10:33:08","date_gmt":"2024-12-16T10:33:08","guid":{"rendered":"https:\/\/pasaulioprojektai.lt\/index.php\/2024\/12\/16\/archeologai-atskleide-siaubingas-priesistorines-zudynes-didziojoje-britanijoje\/"},"modified":"2024-12-16T10:33:08","modified_gmt":"2024-12-16T10:33:08","slug":"archeologai-atskleide-siaubingas-priesistorines-zudynes-didziojoje-britanijoje","status":"publish","type":"post","link":"https:\/\/pasaulioprojektai.lt\/index.php\/2024\/12\/16\/archeologai-atskleide-siaubingas-priesistorines-zudynes-didziojoje-britanijoje\/","title":{"rendered":"Archeologai atskleid\u0117 siaubingas prie\u0161istorines \u017eudynes Did\u017eiojoje Britanijoje"},"content":{"rendered":"<p> <br \/>\n<\/p>\n<div>\n<p>A\u0161tuntajame de\u0161imtmetyje archeologai atkas\u0117 prie\u0161istorinius \u017emoni\u0173 palaikus i\u0161 gilios po\u017eemin\u0117s \u0161achtos Somersete, Anglijoje. Tiesa, kas i\u0161 tikr\u0173j\u0173 atsitiko tiems vyrams, moterims ir vaikams, paai\u0161k\u0117jo visai neseniai.<\/p>\n<p>JK ir Europos archeologai i\u0161analizavo ankstyvojo bronzos am\u017eiaus 37 asmen\u0173 palaikus Anglijoje ir atskleid\u0117 siaubing\u0173 \u017eudyni\u0173 \u012frodym\u0173. J\u0173 i\u0161vados, i\u0161samiai apra\u0161ytos \u0161iandien \u017eurnale paskelbtame tyrime <em>Antika<\/em>atskleid\u017eia did\u017eiausi\u0105 \u017einom\u0105 tarpasmeninio smurto pavyzd\u012f Did\u017eiosios Britanijos prie\u0161istor\u0117je ir meta i\u0161\u0161\u016bk\u012f id\u0117jai, kad ankstyvojo bronzos am\u017eiaus Did\u017eiojoje Britanijoje (ma\u017edaug 2500\u20131200 m. pr. Kr.) buvo santykin\u0117s taikos laikotarpis.<\/p>\n<p>Aptariami palaikai apima daugiau nei 3000 \u017emoni\u0173 kaul\u0173 ir kaul\u0173 fragment\u0173, anks\u010diau aptikt\u0173 49,2 p\u0117d\u0173 (15 metr\u0173 gylio) \u0161achtoje Somerseto archeologin\u0117je vietov\u0117je, \u017einomoje kaip Charterhouse Warren. Asmenys buvo vyrai, moterys ir vaikai, kurie, anot tyr\u0117j\u0173, gal\u0117jo atstovauti bendruomenei, kurie buvo nu\u017eudyti, i\u0161pjauti ir grei\u010diausiai kanibalizuoti prie\u0161 \u012fmetant \u012f \u0161acht\u0105.<\/p>\n<figure id=\"attachment_2000536358\" aria-describedby=\"caption-attachment-2000536358\" class=\"wp-caption aligncenter\"><figcaption id=\"caption-attachment-2000536358\" class=\"wp-caption-text\">Vaiko apatinis \u017eandikaulis su pjovimo \u017eym\u0117mis. Vaizdas: RJ Schulting ir kt., 2024 m<\/figcaption><\/figure>\n<p>Archeologai, vadovaujami Ricko Schultingo i\u0161 Oksfordo universiteto, aptiko kaukol\u0117s traumos bukomis j\u0117gomis, mirties metu padaryt\u0173 l\u016b\u017ei\u0173 ir pj\u016bvi\u0173 p\u0117dsak\u0173, galin\u010di\u0173 atsirasti d\u0117l nutukimo. Remiantis tyrimu, pastarosios dvi i\u0161vados konkre\u010diai rodo ty\u010din\u012f skerdim\u0105 ir kanibalizm\u0105.<\/p>\n<p>Kalb\u0117dami apie kanibalizm\u0105, tyr\u0117jai atmet\u0117 laidojimo ritualus ir alk\u012f kaip galimus motyvatorius. Asmen\u0173 mirtis buvo ai\u0161kiai smurtin\u0117, n\u0117ra joki\u0173 mu\u0161tyni\u0173 \u012frodym\u0173 (tod\u0117l jie grei\u010diausiai buvo nustebinti), o galvij\u0173 kaul\u0173 buvimas toje pa\u010dioje \u0161achtoje rodo, kad tuo metu maisto netr\u016bko. Kas tada gal\u0117jo paskatinti \u0161\u012f \u0161okiruojant\u012f prie\u0161istorinio smurto akt\u0105?<\/p>\n<figure id=\"attachment_2000536360\" aria-describedby=\"caption-attachment-2000536360\" class=\"wp-caption alignnone\"><img loading=\"lazy\" decoding=\"async\" class=\"wp-image-2000536360 size-large\" src=\"https:\/\/gizmodo.com\/app\/uploads\/2024\/12\/skull-trauma-923x1024.jpg\" alt=\"Kaukol\u0117s trauma\" width=\"923\" height=\"1024\" srcset=\"https:\/\/gizmodo.com\/app\/uploads\/2024\/12\/skull-trauma-923x1024.jpg 923w, https:\/\/gizmodo.com\/app\/uploads\/2024\/12\/skull-trauma-270x300.jpg 270w, https:\/\/gizmodo.com\/app\/uploads\/2024\/12\/skull-trauma-768x852.jpg 768w, https:\/\/gizmodo.com\/app\/uploads\/2024\/12\/skull-trauma-613x680.jpg 613w, https:\/\/gizmodo.com\/app\/uploads\/2024\/12\/skull-trauma-807x896.jpg 807w, https:\/\/gizmodo.com\/app\/uploads\/2024\/12\/skull-trauma.jpg 1594w\" sizes=\"auto, (max-width: 1023px) calc(100vw - 2rem), (max-width: 1279px) calc(100vw - 26rem), 680px\"\/><figcaption id=\"caption-attachment-2000536360\" class=\"wp-caption-text\">Kaukol\u0117s traum\u0173 pavyzd\u017eiai. Tyrimo autori\u0173 paveikslas. Vaizdas: RJ Schulting ir kt., 2024 m<\/figcaption><\/figure>\n<p>\u201eKanibalizmas gal\u0117jo b\u016bti b\u016bdas \u201ekiti\u201c mirus\u012fj\u012f\u201c, \u2013 ra\u0161\u0117 tyr\u0117jai. <em>Antika<\/em> el. pa\u0161tu Gizmodo i\u0161si\u0173stas parei\u0161kimas. \u201eValgydami j\u0173 m\u0117s\u0105 ir sumai\u0161ydami kaulus su faunos liekanomis, \u017eudikai savo prie\u0161us palygino su gyv\u016bnais ir taip juos nu\u017emogino.<\/p>\n<p>Ta\u010diau \u0161is paai\u0161kinimas nepaai\u0161kina viso smurto motyv\u0173. Remiantis tyrimu, tuo metu Did\u017eiojoje Britanijoje nebuvo problem\u0173 d\u0117l klimato kaitos ar kit\u0173 \u012fvyki\u0173, kurie gal\u0117jo sukelti konkurencij\u0105 d\u0117l i\u0161tekli\u0173. Taip pat n\u0117ra \u017einom\u0173 genetini\u0173 etnini\u0173 konflikt\u0173 \u012frodym\u0173.<\/p>\n<aside class=\"pullquote text-center\">\u201eGal\u0173 gale, i\u0161vados vaizduoja prie\u0161istorinius \u017emones, kuriems suvokiami menkniekiai ir ker\u0161to ciklai gali sukelti neproporcingai smurtinius veiksmus.<\/aside>\n<p>D\u0117l to tyr\u0117jai teigia, kad konflikt\u0105 gal\u0117jo sukelti socialiniai veiksniai ir galiausiai j\u012f suk\u0117l\u0117 nusikaltimai, tokie kaip vagyst\u0117s ir (arba) \u012f\u017eeidimai. Galb\u016bt maras, kur\u012f atskleid\u0117 ankstesni tyrimai dviej\u0173 vaik\u0173 u\u017ekr\u0117stuose dantyse, taip pat gal\u0117jo pabloginti jau buvusi\u0105 \u012ftamp\u0105.<\/p>\n<p>\u201eGaliausiai i\u0161vados nuspalvina prie\u0161istorini\u0173 \u017emoni\u0173, kuriems suvokiami menkniekiai ir ker\u0161to ciklai gali baigtis neproporcingai smurtiniais veiksmais, paveiksl\u0105. Tokia situacija, deja, pa\u017e\u012fstama i\u0161 naujesni\u0173 laik\u0173\u201c, \u2013 ra\u0161\u0117 jie.<\/p>\n<p>Nors tiesiogini\u0173 \u012frodym\u0173 apie smurtin\u012f konflikt\u0105 Did\u017eiojoje Britanijoje nuo 2500 iki 1500 m. pr. Kr. yra nedaug, \u0161i\u0173 \u017eudyni\u0173 vieta neabejotinai gin\u010dija teigin\u012f, kad laikotarpis gal\u0117jo b\u016bti gana taikus.<\/p>\n<p>\u201eTai gerokai tamsesnis laikotarpio vaizdas, nei daugelis tik\u0117josi\u201c, \u2013 paai\u0161kino Schultingas. \u201eCharterhouse Warren yra viena i\u0161 t\u0173 ret\u0173 archeologini\u0173 vietovi\u0173, kuri meta i\u0161\u0161\u016bk\u012f m\u016bs\u0173 m\u0105stymui apie praeit\u012f\u201c, \u2013 prid\u016br\u0117 jis. \u201eKad tai ma\u017eai tik\u0117tina, kad tai buvo vienkartinis \u012fvykis, dar svarbiau, kad jo istorija b\u016bt\u0173 papasakota\u201c, \u2013 prid\u016br\u0117 jis.<\/p>\n<p>\u201e\u0160iuo metu m\u016bs\u0173 tyrimas i\u0161k\u0117l\u0117 tiek klausim\u0173, kiek ir atsakym\u0173. Tebevyksta darbas, siekiant daugiau i\u0161ai\u0161kinti \u0161\u012f neabejotinai tams\u0173 Britanijos prie\u0161istor\u0117s epizod\u0105\u201c, \u2013 padar\u0117 i\u0161vad\u0105 tyr\u0117jai.<\/p>\n<p>Nors nieko negalime padaryti d\u0117l neai\u0161ki\u0173 prie\u0161istorini\u0173 \u017eiaurum\u0173, galb\u016bt galime pasimokyti ne tik i\u0161 istorijos, bet ir i\u0161 prie\u0161istor\u0117s, kad sustabdytume savo ker\u0161to ciklus nuo nekontroliuojamo spiral\u0117s, nei jie jau turi.<\/p>\n<\/p><\/div>\n<p><br \/>\n<br \/><a href=\"https:\/\/gizmodo.com\/killed-butchered-and-cannibalized-archaeologists-uncover-horrific-prehistoric-massacre-in-britain-2000536356\">Source link <\/a><\/p>\n","protected":false},"excerpt":{"rendered":"<p>A\u0161tuntajame de\u0161imtmetyje archeologai atkas\u0117 prie\u0161istorinius \u017emoni\u0173 palaikus i\u0161 gilios po\u017eemin\u0117s \u0161achtos Somersete, Anglijoje. Tiesa, kas i\u0161 tikr\u0173j\u0173 atsitiko tiems vyrams, moterims ir vaikams, paai\u0161k\u0117jo visai neseniai. JK ir Europos archeologai i\u0161analizavo ankstyvojo bronzos am\u017eiaus 37 asmen\u0173 palaikus Anglijoje ir atskleid\u0117 siaubing\u0173 \u017eudyni\u0173 \u012frodym\u0173. J\u0173 i\u0161vados, i\u0161samiai apra\u0161ytos \u0161iandien \u017eurnale paskelbtame tyrime Antikaatskleid\u017eia did\u017eiausi\u0105 \u017einom\u0105 tarpasmeninio [&hellip;]<\/p>\n","protected":false},"author":1,"featured_media":1098,"comment_status":"","ping_status":"","sticky":false,"template":"","format":"standard","meta":{"om_disable_all_campaigns":false,"_monsterinsights_skip_tracking":false,"_monsterinsights_sitenote_active":false,"_monsterinsights_sitenote_note":"","_monsterinsights_sitenote_category":0,"footnotes":""},"categories":[3],"tags":[2014,656,2018,2017,2016,2015,1103],"class_list":["post-1097","post","type-post","status-publish","format-standard","has-post-thumbnail","hentry","category-technologijos","tag-archeologai","tag-atskleide","tag-britanijoje","tag-didziojoje","tag-priesistorines","tag-siaubingas","tag-zudynes"],"aioseo_notices":[],"_links":{"self":[{"href":"https:\/\/pasaulioprojektai.lt\/index.php\/wp-json\/wp\/v2\/posts\/1097","targetHints":{"allow":["GET"]}}],"collection":[{"href":"https:\/\/pasaulioprojektai.lt\/index.php\/wp-json\/wp\/v2\/posts"}],"about":[{"href":"https:\/\/pasaulioprojektai.lt\/index.php\/wp-json\/wp\/v2\/types\/post"}],"author":[{"embeddable":true,"href":"https:\/\/pasaulioprojektai.lt\/index.php\/wp-json\/wp\/v2\/users\/1"}],"replies":[{"embeddable":true,"href":"https:\/\/pasaulioprojektai.lt\/index.php\/wp-json\/wp\/v2\/comments?post=1097"}],"version-history":[{"count":0,"href":"https:\/\/pasaulioprojektai.lt\/index.php\/wp-json\/wp\/v2\/posts\/1097\/revisions"}],"wp:featuredmedia":[{"embeddable":true,"href":"https:\/\/pasaulioprojektai.lt\/index.php\/wp-json\/wp\/v2\/media\/1098"}],"wp:attachment":[{"href":"https:\/\/pasaulioprojektai.lt\/index.php\/wp-json\/wp\/v2\/media?parent=1097"}],"wp:term":[{"taxonomy":"category","embeddable":true,"href":"https:\/\/pasaulioprojektai.lt\/index.php\/wp-json\/wp\/v2\/categories?post=1097"},{"taxonomy":"post_tag","embeddable":true,"href":"https:\/\/pasaulioprojektai.lt\/index.php\/wp-json\/wp\/v2\/tags?post=1097"}],"curies":[{"name":"wp","href":"https:\/\/api.w.org\/{rel}","templated":true}]}}