{"id":1235,"date":"2025-01-01T20:44:48","date_gmt":"2025-01-01T20:44:48","guid":{"rendered":"https:\/\/pasaulioprojektai.lt\/index.php\/2025\/01\/01\/nuo-sausio-2-osios-veiks-v-navicko-kurybos-darbu-paroda-kas-vyksta-kaune\/"},"modified":"2025-01-01T20:44:48","modified_gmt":"2025-01-01T20:44:48","slug":"nuo-sausio-2-osios-veiks-v-navicko-kurybos-darbu-paroda-kas-vyksta-kaune","status":"publish","type":"post","link":"https:\/\/pasaulioprojektai.lt\/index.php\/2025\/01\/01\/nuo-sausio-2-osios-veiks-v-navicko-kurybos-darbu-paroda-kas-vyksta-kaune\/","title":{"rendered":"Nuo sausio 2-osios veiks V. Navicko k\u016brybos darb\u0173 paroda \u2013 Kas vyksta Kaune"},"content":{"rendered":"<p> <br \/>\n<\/p>\n<div>\n<p><strong>Sausio 2 d. \u2013 vasario 28 d. Kauno Vinco Kudirkos vie\u0161osios bibliotekos \u201eBer\u017eelio\u201c padalinyje, Taikos pr. 113B, veiks Vyganto Navicko k\u016brybos darb\u0173 paroda \u201eK\u016brybin\u0117 kelion\u0117 #3\u201c, skelbiama menininko prane\u0161ime spaudai.<\/strong><\/p>\n<p>\u201eTai tre\u010dioji paroda i\u0161 ciklo, simbolizuojan\u010dio ne tik mano k\u016brybos virsmus, bet ir nuolatin\u012f gyvenimo bei meno dialog\u0105. \u0160is ciklas \u2013 tai kelion\u0117, kurioje kiekvienas k\u016brinys u\u017eima savo viet\u0105 istorijoje: vieni atranda naujus namus ir i\u0161keliauja, o j\u0173 viet\u0105 u\u017epildo k\u0105 tik gim\u0119 darbai, pilni nauj\u0173 emocij\u0173 ir potyri\u0173.<\/p>\n<p>Kiekviena paroda \u2013 tai unikalus momentas, atspindintis mano k\u016brybin\u012f pasaul\u012f, kuris niekada nesustoja keistis. Tai kvietimas \u017ei\u016brovui leistis \u012f \u0161i\u0105 kelion\u0119, i\u0161gyventi men\u0105, atrasti savo ry\u0161\u012f su k\u016briniais ir pa\u017einti juose slypin\u010dias istorijas.<\/p>\n<p>Kvie\u010diu jus tapti \u0161ios kelion\u0117s dalimi \u2013 kartu atrasti, jausti ir \u012fkv\u0117pti\u201c, \u2013 teig\u0117 V. Navickas.<\/p>\n<p>Parod\u0105 aplankyti kvie\u010diame bibliotekos darbo metu: I\u2013V \u2013 9\u201319, VI \u2013 10\u201316.<\/p>\n<\/p><\/div>\n<p><br \/>\n<br \/><a href=\"https:\/\/kaunas.kasvyksta.lt\/2025\/01\/01\/renginiai\/nuo-sausio-2-osios-veiks-v-navicko-kurybos-darbu-paroda\/\">Source link <\/a><\/p>\n","protected":false},"excerpt":{"rendered":"<p>Sausio 2 d. \u2013 vasario 28 d. Kauno Vinco Kudirkos vie\u0161osios bibliotekos \u201eBer\u017eelio\u201c padalinyje, Taikos pr. 113B, veiks Vyganto Navicko k\u016brybos darb\u0173 paroda \u201eK\u016brybin\u0117 kelion\u0117 #3\u201c, skelbiama menininko prane\u0161ime spaudai. \u201eTai tre\u010dioji paroda i\u0161 ciklo, simbolizuojan\u010dio ne tik mano k\u016brybos virsmus, bet ir nuolatin\u012f gyvenimo bei meno dialog\u0105. \u0160is ciklas \u2013 tai kelion\u0117, kurioje kiekvienas [&hellip;]<\/p>\n","protected":false},"author":1,"featured_media":1236,"comment_status":"","ping_status":"","sticky":false,"template":"","format":"standard","meta":{"om_disable_all_campaigns":false,"_monsterinsights_skip_tracking":false,"_monsterinsights_sitenote_active":false,"_monsterinsights_sitenote_note":"","_monsterinsights_sitenote_category":0,"footnotes":""},"categories":[484],"tags":[2313,2317,34,508,2316,2315,138,589,2312,2314,990],"class_list":["post-1235","post","type-post","status-publish","format-standard","has-post-thumbnail","hentry","category-miestu-naujienos","tag-2osios","tag-darbu","tag-kas","tag-kaune","tag-kurybos","tag-navicko","tag-nuo","tag-paroda","tag-sausio","tag-veiks","tag-vyksta"],"aioseo_notices":[],"_links":{"self":[{"href":"https:\/\/pasaulioprojektai.lt\/index.php\/wp-json\/wp\/v2\/posts\/1235","targetHints":{"allow":["GET"]}}],"collection":[{"href":"https:\/\/pasaulioprojektai.lt\/index.php\/wp-json\/wp\/v2\/posts"}],"about":[{"href":"https:\/\/pasaulioprojektai.lt\/index.php\/wp-json\/wp\/v2\/types\/post"}],"author":[{"embeddable":true,"href":"https:\/\/pasaulioprojektai.lt\/index.php\/wp-json\/wp\/v2\/users\/1"}],"replies":[{"embeddable":true,"href":"https:\/\/pasaulioprojektai.lt\/index.php\/wp-json\/wp\/v2\/comments?post=1235"}],"version-history":[{"count":0,"href":"https:\/\/pasaulioprojektai.lt\/index.php\/wp-json\/wp\/v2\/posts\/1235\/revisions"}],"wp:featuredmedia":[{"embeddable":true,"href":"https:\/\/pasaulioprojektai.lt\/index.php\/wp-json\/wp\/v2\/media\/1236"}],"wp:attachment":[{"href":"https:\/\/pasaulioprojektai.lt\/index.php\/wp-json\/wp\/v2\/media?parent=1235"}],"wp:term":[{"taxonomy":"category","embeddable":true,"href":"https:\/\/pasaulioprojektai.lt\/index.php\/wp-json\/wp\/v2\/categories?post=1235"},{"taxonomy":"post_tag","embeddable":true,"href":"https:\/\/pasaulioprojektai.lt\/index.php\/wp-json\/wp\/v2\/tags?post=1235"}],"curies":[{"name":"wp","href":"https:\/\/api.w.org\/{rel}","templated":true}]}}