{"id":1441,"date":"2025-01-24T22:15:49","date_gmt":"2025-01-24T22:15:49","guid":{"rendered":"https:\/\/pasaulioprojektai.lt\/index.php\/2025\/01\/24\/scenoje-susukta-suktine-kas-vyksta-kaune\/"},"modified":"2025-01-24T22:15:49","modified_gmt":"2025-01-24T22:15:49","slug":"scenoje-susukta-suktine-kas-vyksta-kaune","status":"publish","type":"post","link":"https:\/\/pasaulioprojektai.lt\/index.php\/2025\/01\/24\/scenoje-susukta-suktine-kas-vyksta-kaune\/","title":{"rendered":"scenoje susukta suktin\u0117 \u2013 Kas vyksta Kaune"},"content":{"rendered":"<p> <br \/>\n<\/p>\n<div>\n<p><strong>Antr\u0105 kart\u0105 apdovanojim\u0105 M.A.M.A scenoje atsi\u0117m\u0119 Despotin Fam grup\u0117s nariai \u0161okiravo ir \u0161\u012f kart\u0105 \u2013 vienas i\u0161 atlik\u0117jo tiesioginiame eteryje i\u0161sitrauk\u0117 \u201ekasiak\u0105\u201c. Po \u0161io \u017eingsnio sujudo visa arena, o televizijos kameros buvo nusuktos.<\/strong><\/p>\n<p>Visai Kauno \u201e\u017dalgirio\u201c arenai stebint, kaip antr\u0105kart \u012f scen\u0105 \u017eengia Despotin Fam, netrukus pasigirdo netik\u0117tas grup\u0117s nario pasi\u016blymas.<\/p>\n<p>\u0160is ne tik dar kart\u0105 pasiunt\u0117 R. \u017demaitait\u012f, bet scenoje u\u017esir\u016bk\u0117 \u201ekasiak\u0105\u201c.<\/p>\n<p>\u201ePirmai atjung\u0117 mikrofon\u0105, F**k \u017demaitait\u012f, galvokit, k\u0105 darot. Slava, Ukraina. Noriu u\u017edegti \u0161it\u0105 kasiak\u0105 u\u017e visus\u201c, \u2013 sak\u0117 jis.<\/p>\n<p>\u201eDelfi\u201c primena, kad prie\u0161 tai \u012e scen\u0105 \u017eeng\u0119 grup\u0117s Despotin Fam nariai u\u017e gaut\u0105 \u201eMet\u0173 vaizdo klipo\u201c apdovanojim\u0105 i\u0161sak\u0117 itin \u012fkvepian\u010di\u0105 kalb\u0105.<\/p>\n<p>Tiesa, \u0161alia \u0161i\u0173 \u017eod\u017ei\u0173 pasirod\u0117 \u017einut\u0117, skirta skandalingai pagars\u0117jusiam politikui Remigijui \u017demaitai\u010diui.<\/p>\n<p>\u201eNor\u0117\u010diau visiems labai pad\u0117koti. A\u010di\u016b, kad patik\u0117jote mano id\u0117ja. Visai k\u016brybinei komandai, kuri dirbo su ma\u017eiausiais i\u0161tekliais. Ir tiems, kurie at\u0117jo \u012f filmavimus tiesiog u\u017e a\u010di\u016b\u201c, \u2013 kalb\u0117jo klipo re\u017eisierius.<\/p>\n<p>\u201eNenuobod\u017eiaukit, chebra. Repas dar nemir\u0119s\u201c, \u2013 dar prid\u016br\u0117 Vaiperis.<\/p>\n<p>\u201eF**k \u017demaitait\u012f ir b\u016bkite su hip hopu\u201c, \u2013 lipdamas nuo scenos dr\u0117btel\u0117jo jo kolega.<\/p>\n<p>Kasmet vykstantys M.A.M.A. apdovanojimai pa\u017eeria ne tik ry\u0161kiausius laim\u0117tojus, atlik\u0117j\u0173 pasirodymus, bet ir netik\u0117tumus. \u0160\u012fkart tuo tapo grup\u0117s nari\u0173 Despotin Fam \u017eingsnis, kai atsiimant laim\u0117jim\u0105 buvo pasi\u0173sta ai\u0161ki \u017einut\u0117 Remigijui \u017demaitai\u010diui.<\/p>\n<p>\u012e scen\u0105 \u017eeng\u0119 grup\u0117s Despotin Fam nariai u\u017e gaut\u0105 \u201eMet\u0173 vaizdo klipo\u201c apdovanojim\u0105 i\u0161sak\u0117 itin \u012fkvepian\u010di\u0105 kalb\u0105.<\/p>\n<p>Tiesa, \u0161alia \u0161i\u0173 \u017eod\u017ei\u0173 pasirod\u0117 \u017einut\u0117, skirta skandalingai pagars\u0117jusiam politikui Remigijui \u017demaitai\u010diui.<\/p>\n<p>\u201eNor\u0117\u010diau visiems labai pad\u0117koti. A\u010di\u016b, kad patik\u0117jote mano id\u0117ja. Visai k\u016brybinei komandai, kuri dirbo su ma\u017eiausiais i\u0161tekliais. Ir tiems, kurie at\u0117jo \u012f filmavimus tiesiog u\u017e a\u010di\u016b\u201c, \u2013 kalb\u0117jo klipo re\u017eisierius.<\/p>\n<p>\u201eNenuobod\u017eiaukit, chebra. Repas dar nemir\u0119s\u201c, \u2013 dar prid\u016br\u0117 Vaiperis.<\/p>\n<p>\u201eF**k \u017demaitait\u012f ir b\u016bkite su hip hopu\u201c, \u2013 lipdamas nuo scenos dr\u0117btel\u0117jo jo kolega.<\/p>\n<p>Daugiau skaitykite \u010dia.<\/p>\n<\/p><\/div>\n<p><br \/>\n<br \/><a href=\"https:\/\/kaunas.kasvyksta.lt\/2025\/01\/24\/laisvalaikis\/m-a-m-a-nesiliauja-sokiravusi-scenoje-susukta-suktine\/\">Source link <\/a><\/p>\n","protected":false},"excerpt":{"rendered":"<p>Antr\u0105 kart\u0105 apdovanojim\u0105 M.A.M.A scenoje atsi\u0117m\u0119 Despotin Fam grup\u0117s nariai \u0161okiravo ir \u0161\u012f kart\u0105 \u2013 vienas i\u0161 atlik\u0117jo tiesioginiame eteryje i\u0161sitrauk\u0117 \u201ekasiak\u0105\u201c. Po \u0161io \u017eingsnio sujudo visa arena, o televizijos kameros buvo nusuktos. Visai Kauno \u201e\u017dalgirio\u201c arenai stebint, kaip antr\u0105kart \u012f scen\u0105 \u017eengia Despotin Fam, netrukus pasigirdo netik\u0117tas grup\u0117s nario pasi\u016blymas. \u0160is ne tik dar [&hellip;]<\/p>\n","protected":false},"author":1,"featured_media":1442,"comment_status":"","ping_status":"","sticky":false,"template":"","format":"standard","meta":{"om_disable_all_campaigns":false,"_monsterinsights_skip_tracking":false,"_monsterinsights_sitenote_active":false,"_monsterinsights_sitenote_note":"","_monsterinsights_sitenote_category":0,"footnotes":""},"categories":[484],"tags":[34,508,2730,2732,2731,990],"class_list":["post-1441","post","type-post","status-publish","format-standard","has-post-thumbnail","hentry","category-miestu-naujienos","tag-kas","tag-kaune","tag-scenoje","tag-suktine","tag-susukta","tag-vyksta"],"aioseo_notices":[],"_links":{"self":[{"href":"https:\/\/pasaulioprojektai.lt\/index.php\/wp-json\/wp\/v2\/posts\/1441","targetHints":{"allow":["GET"]}}],"collection":[{"href":"https:\/\/pasaulioprojektai.lt\/index.php\/wp-json\/wp\/v2\/posts"}],"about":[{"href":"https:\/\/pasaulioprojektai.lt\/index.php\/wp-json\/wp\/v2\/types\/post"}],"author":[{"embeddable":true,"href":"https:\/\/pasaulioprojektai.lt\/index.php\/wp-json\/wp\/v2\/users\/1"}],"replies":[{"embeddable":true,"href":"https:\/\/pasaulioprojektai.lt\/index.php\/wp-json\/wp\/v2\/comments?post=1441"}],"version-history":[{"count":0,"href":"https:\/\/pasaulioprojektai.lt\/index.php\/wp-json\/wp\/v2\/posts\/1441\/revisions"}],"wp:featuredmedia":[{"embeddable":true,"href":"https:\/\/pasaulioprojektai.lt\/index.php\/wp-json\/wp\/v2\/media\/1442"}],"wp:attachment":[{"href":"https:\/\/pasaulioprojektai.lt\/index.php\/wp-json\/wp\/v2\/media?parent=1441"}],"wp:term":[{"taxonomy":"category","embeddable":true,"href":"https:\/\/pasaulioprojektai.lt\/index.php\/wp-json\/wp\/v2\/categories?post=1441"},{"taxonomy":"post_tag","embeddable":true,"href":"https:\/\/pasaulioprojektai.lt\/index.php\/wp-json\/wp\/v2\/tags?post=1441"}],"curies":[{"name":"wp","href":"https:\/\/api.w.org\/{rel}","templated":true}]}}