{"id":1803,"date":"2025-07-07T00:48:17","date_gmt":"2025-07-07T00:48:17","guid":{"rendered":"https:\/\/pasaulioprojektai.lt\/index.php\/2025\/07\/07\/sugiedojus-himna-i-scena-zenge-m-mikutavicius-kas-vyksta-kaune\/"},"modified":"2025-07-07T00:48:17","modified_gmt":"2025-07-07T00:48:17","slug":"sugiedojus-himna-i-scena-zenge-m-mikutavicius-kas-vyksta-kaune","status":"publish","type":"post","link":"https:\/\/pasaulioprojektai.lt\/index.php\/2025\/07\/07\/sugiedojus-himna-i-scena-zenge-m-mikutavicius-kas-vyksta-kaune\/","title":{"rendered":"sugiedojus himn\u0105, \u012f scen\u0105 \u017eeng\u0117 M. Mikutavi\u010dius \u2013 Kas vyksta Kaune"},"content":{"rendered":"<p><\/p>\n<div>\n<p><strong>Liepos 6-\u0105j\u0105 Kauno rajonas i\u0161kilmingai mini ne tik savo 70-\u0105j\u012f jubiliej\u0173, ta\u010diau ir Karaliaus Mindaugo kar\u016bnavimo dien\u0105 \u2013 Lietuvos Valstyb\u0117s dien\u0105. \u0160\u012f vakar\u0105 Raudondvario dvare, i\u0161kart po i\u0161kilmingos Kauno rajono garb\u0117s \u017eenkl\u0173 \u012fteikimo ceremonijos, renginio sve\u010diai leidosi \u012f kelion\u0119 \u201eSmaragdo \u017eiedu\u201c \u2013 steb\u0117jo specialiai \u0161iai progai kurt\u0105 miuzikl\u0105, v\u0117liau j\u0173 lauk\u0117 ir Kauno rajono v\u0117liavos pagerbimo ceremonija, po kurios Raudondvario dvare suskambo vieningai lietuvi\u0173 giedamas Lietuvos himnas. \u0160ventin\u012f vakar\u0105 vainikavo Marijono Mikutavi\u010diaus koncertas.<\/strong><\/p>\n<p><\/p>\n<p>\u012e Raudondvario dvar\u0105 steb\u0117ti renginio \u0161\u012f vakar\u0105 susirinko t\u016bkstan\u010diai \u017emoni\u0173. \u0160iltas liepos vakaras tiesiog skend\u0117jo \u0161venti\u0161koje nuotaikoje ir \u017emoni\u0173 \u0161ypsenose.<\/p>\n<p>Po Kauno rajono garb\u0117s \u017eenkl\u0173 \u012fteikimo, 20 val. scenoje suskambo specialiai Kauno rajono 70-me\u010diui kurtas miuziklas \u201eSmaragdo \u017eiedu\u201c, pakviet\u0119s \u012f muzikin\u0119 kelion\u0119 po Kauno rajon\u0105, kurioje susiliejo senov\u0117s legendos ir \u0161iandienos i\u0161\u0161\u016bkiai.<\/p>\n<p>Anot organizatori\u0173, miuziklas atskleid\u0117 giliausi\u0105 Kauno rajono paslapt\u012f \u2013 mitin\u012f Smaragdo \u017died\u0105 \u2013 kuris atgijo scenoje, kviesdamas \u017ei\u016brov\u0105 \u012f \u017dmogaus kelion\u0119 per gamtos gro\u017e\u012f ir skaitmeninio pasaulio viliones.<\/p>\n<p>\u0160\u012f kvap\u0105 gniau\u017eiant\u012f muzikos, \u0161okio ir vizualini\u0173 efekt\u0173 regin\u012f kuria i\u0161skirtin\u0117 k\u016brybin\u0117 komanda: re\u017eisierius ir libreto autorius \u2013 Tomas Erbr\u0117deris; kompozitorius \u2013 Laurynas Ba\u0161kys; scenografija ir kostium\u0173 dailinink\u0117 \u2013 Karolina Klimavi\u010di\u016bt\u0117; choreografas \u2013 Dainius Bervingis; vaizdo projekcij\u0173 dailinink\u0117 \u2013 Vesta Obolevi\u010di\u016bt\u0117.<\/p>\n<p>Pagrindiniai vaidmenis atliko \u017einomi atlik\u0117jai: Skaitmeninis Tinklas \u2013 Jeronimas Milius; Gyvyb\u0117s Srautas \u2013 Karina Krysko; \u017dmogus \u2013 Vygantas Bemovas; Vanduo \u2013 Jurga \u0160eduikyt\u0117; \u017dem\u0117 \u2013 Gabriel\u0117 Kuzmickait\u0117; Saul\u0117 \u2013 Rafailas Karpis; Smaragdo \u017diedas \u2013 Dainius Svobonas.<\/p>\n<figure id=\"attachment_843763\" aria-describedby=\"caption-attachment-843763\" style=\"width: 768px\" class=\"wp-caption aligncenter\"><img loading=\"lazy\" decoding=\"async\" src=\"https:\/\/cdn.kasvyksta.lt\/2025\/07\/A02A2625-768x512.jpg\" alt=\"\" width=\"768\" height=\"512\" class=\"size-medium_large wp-image-843763 lazy\" srcset=\"https:\/\/cdn.kasvyksta.lt\/2025\/07\/ieuW6ALF-A02A2625-300x200.jpg 300w, https:\/\/cdn.kasvyksta.lt\/2025\/07\/A02A2625-1024x682.jpg 1024w, https:\/\/cdn.kasvyksta.lt\/2025\/07\/A02A2625-768x512.jpg 768w, https:\/\/cdn.kasvyksta.lt\/2025\/07\/A02A2625-1536x1024.jpg 1536w, https:\/\/cdn.kasvyksta.lt\/2025\/07\/A02A2625.jpg 2000w\" data-sizes=\"(max-width: 768px) 100vw, 768px\"\/><figcaption id=\"caption-attachment-843763\" class=\"wp-caption-text\">Liepos 6-osios \u0161vent\u0117 Raudondvary \/ R. Tenio nuotr.<\/figcaption><\/figure>\n<p>Scenoje taip pat dalyvavo: solistas Teodoras Mikulskis, Kauno Miko Petrausko Scenos men\u0173 mokyklos \u0161okio skyriaus \u0161ok\u0117jai \u201ePikseliai\u201c, Kauno rajono Raudondvario kult\u016bros centro mi\u0161rus choras \u201eSvajon\u0117\u201c (vadov\u0117 Renata Mi\u0161eikien\u0117), Kauno rajono meno mokyklos pu\u010diam\u0173j\u0173 orkestras (vadovas Arnas \u010cebanauskas), Kauno rajono Ramu\u010di\u0173 kult\u016bros centro Neveroni\u0173 laisvalaikio sal\u0117s folkloro ansamblis \u201eVie\u0161ia\u201c (vadov\u0117 Jolanta Balnyt\u0117), birbyne gros Gintaras Vil\u010diauskas.<\/p>\n<p>Po miuziklo premjeros, renginio ved\u0117jas Egidijus Stancikas susirinkusiuosius pakviet\u0117 pa\u017evelgti pagerbti Kauno rajono v\u0117liav\u0105 \u2013 per did\u017eiulius ekranus buvo rodomas 16 minu\u010di\u0173 trukm\u0117s filmas, kuris gra\u017eiai prisiliet\u0117 ir ap\u017evelg\u0117 visas 25 seni\u016bnijas bei i\u0161kilius \u017emones, kuriais Kauno rajonas did\u017eiuojasi ir kurie kuria \u0161io kra\u0161to istorij\u0105.<\/p>\n<p>Filme skirtingi Kauno rajono gyventojai buvo rodomi su Kauno rajono v\u0117liava bei kalb\u0117jo, k\u0105 jiems rei\u0161kia bendruomen\u0117, k\u0105 rei\u0161kia \u0161is jubiliejus ir i\u0161sak\u0117 link\u0117jimus savo kra\u0161tui.<\/p>\n<figure id=\"attachment_843771\" aria-describedby=\"caption-attachment-843771\" style=\"width: 768px\" class=\"wp-caption aligncenter\"><img loading=\"lazy\" decoding=\"async\" src=\"https:\/\/cdn.kasvyksta.lt\/2025\/07\/A02A2708-768x512.jpg\" alt=\"\" width=\"768\" height=\"512\" class=\"size-medium_large wp-image-843771 lazy\" srcset=\"https:\/\/cdn.kasvyksta.lt\/2025\/07\/e8Zul8pc-A02A2708-300x200.jpg 300w, https:\/\/cdn.kasvyksta.lt\/2025\/07\/A02A2708-1024x682.jpg 1024w, https:\/\/cdn.kasvyksta.lt\/2025\/07\/A02A2708-768x512.jpg 768w, https:\/\/cdn.kasvyksta.lt\/2025\/07\/A02A2708-1536x1024.jpg 1536w, https:\/\/cdn.kasvyksta.lt\/2025\/07\/A02A2708.jpg 2000w\" data-sizes=\"(max-width: 768px) 100vw, 768px\"\/><figcaption id=\"caption-attachment-843771\" class=\"wp-caption-text\">Liepos 6-osios \u0161vent\u0117 Raudondvary \/ R. Tenio nuotr.<\/figcaption><\/figure>\n<p>Kauno meras Valerijus Mak\u016bnas, taip pat \u0160vietimo, mokslo ir sporto ministr\u0117 Raminta Popovien\u0117 dar kart\u0105 sveikino Kauno rajon\u0105 su ypatingu jubiliejumi. Per mikrofon\u0105 i\u0161 ministr\u0117s l\u016bp\u0173 nuskamb\u0117jo ir premjero Gintauto Palucko sveikinimas. Gra\u017ei\u0173 \u017eod\u017ei\u0173 negail\u0117jo ir arkivyskupas K\u0119stutis K\u0117valas, kuris susirinkusiuosius taip pat ir palaimino.<\/p>\n<p>Ant scenos Lietuvos himn\u0105 giedojo \u0161iandien Kauno rajono garb\u0117s \u017eenklu apdovanotas Lietuvos nacionalinio operos ir baleto teatro solistas, Kauno rajono gyventojas, Mindaugas Jankauskas. <\/p>\n<p>Kartu su juo himn\u0105 tiek Raudondvario dvare, tiek visoje Lietuvoje giedojo visi patrioti\u0161kai ir \u0161venti\u0161kai nusiteik\u0119 Lietuvos gyventojai.<\/p>\n<figure id=\"attachment_843783\" aria-describedby=\"caption-attachment-843783\" style=\"width: 768px\" class=\"wp-caption aligncenter\"><img loading=\"lazy\" decoding=\"async\" src=\"https:\/\/cdn.kasvyksta.lt\/2025\/07\/A02A2741-768x512.jpg\" alt=\"\" width=\"768\" height=\"512\" class=\"size-medium_large wp-image-843783 lazy\" srcset=\"https:\/\/cdn.kasvyksta.lt\/2025\/07\/TzapRrqG-A02A2741-300x200.jpg 300w, https:\/\/cdn.kasvyksta.lt\/2025\/07\/A02A2741-1024x682.jpg 1024w, https:\/\/cdn.kasvyksta.lt\/2025\/07\/A02A2741-768x512.jpg 768w, https:\/\/cdn.kasvyksta.lt\/2025\/07\/A02A2741-1536x1024.jpg 1536w, https:\/\/cdn.kasvyksta.lt\/2025\/07\/A02A2741.jpg 2000w\" data-sizes=\"(max-width: 768px) 100vw, 768px\"\/><figcaption id=\"caption-attachment-843783\" class=\"wp-caption-text\">Liepos 6-osios \u0161vent\u0117 Raudondvary \/ R. Tenio nuotr.<\/figcaption><\/figure>\n<p>Po oficialiosios renginio dalies tikra vakaro pa\u017eiba tapo ant scenos pasirod\u0119s \u017einomas Lietuvos atlik\u0117jas Marijonas Mikutavi\u010dius, dovanoj\u0119s renginio \u017ei\u016brovams i\u0161ties \u012fsp\u016bding\u0105 pasirodym\u0105.<\/p>\n<figure id=\"attachment_843807\" aria-describedby=\"caption-attachment-843807\" style=\"width: 768px\" class=\"wp-caption aligncenter\"><img loading=\"lazy\" decoding=\"async\" src=\"https:\/\/cdn.kasvyksta.lt\/2025\/07\/A02A2875-768x512.jpg\" alt=\"\" width=\"768\" height=\"512\" class=\"size-medium_large wp-image-843807 lazy\" srcset=\"https:\/\/cdn.kasvyksta.lt\/2025\/07\/s9dD9dtV-A02A2875-300x200.jpg 300w, https:\/\/cdn.kasvyksta.lt\/2025\/07\/A02A2875-1024x682.jpg 1024w, https:\/\/cdn.kasvyksta.lt\/2025\/07\/A02A2875-768x512.jpg 768w, https:\/\/cdn.kasvyksta.lt\/2025\/07\/A02A2875-1536x1024.jpg 1536w, https:\/\/cdn.kasvyksta.lt\/2025\/07\/A02A2875.jpg 2000w\" data-sizes=\"(max-width: 768px) 100vw, 768px\"\/><figcaption id=\"caption-attachment-843807\" class=\"wp-caption-text\">Liepos 6-osios \u0161vent\u0117 Raudondvary \/ R. Tenio nuotr.<\/figcaption><\/figure>\n<p>Nema\u017eiau sve\u010dius d\u017eiugina ir vakaro sve\u010dius \u0161okti pakviet\u0119s DJ Jovani, kurio pasirodymo metu sve\u010diai i\u0161vys lazeri\u0173 bei dron\u0173 \u0161ou.<\/p>\n<h4>Liepos 6-osios \u0161vent\u0117 Raudondvaryje<\/h4>\n<p><img decoding=\"async\" src=\"https:\/\/cdn.kasvyksta.lt\/2025\/07\/DSC05725.jpg\" alt=\"Liepos 6-osios \u0161vent\u0117 Raudondvaryje \/ I. Klimavi\u010di\u016bt\u0117s nuotr.\" class=\"envira_noscript_images  lazy\"\/>\n\t\t\t\t<\/div>\n<p><a href=\"https:\/\/kaunas.kasvyksta.lt\/2025\/07\/06\/laisvalaikis\/jubiliejaus-kulminacija-sugiedojus-himna-i-scena-zenge-m-mikutavicius\/\"> Nuoroda \u012f informacijos \u0161altin\u012f <\/a><\/p>\n","protected":false},"excerpt":{"rendered":"<p>Liepos 6-\u0105j\u0105 Kauno rajonas i\u0161kilmingai mini ne tik savo 70-\u0105j\u012f jubiliej\u0173, ta\u010diau ir Karaliaus Mindaugo kar\u016bnavimo dien\u0105 \u2013 Lietuvos Valstyb\u0117s dien\u0105. \u0160\u012f vakar\u0105 Raudondvario dvare, i\u0161kart po i\u0161kilmingos Kauno rajono garb\u0117s \u017eenkl\u0173 \u012fteikimo ceremonijos, renginio sve\u010diai leidosi \u012f kelion\u0119 \u201eSmaragdo \u017eiedu\u201c \u2013 steb\u0117jo specialiai \u0161iai progai kurt\u0105 miuzikl\u0105, v\u0117liau j\u0173 lauk\u0117 ir Kauno rajono v\u0117liavos [&hellip;]<\/p>\n","protected":false},"author":1,"featured_media":1804,"comment_status":"","ping_status":"","sticky":false,"template":"","format":"standard","meta":{"om_disable_all_campaigns":false,"_monsterinsights_skip_tracking":false,"_monsterinsights_sitenote_active":false,"_monsterinsights_sitenote_note":"","_monsterinsights_sitenote_category":0,"footnotes":""},"categories":[484],"tags":[2939,34,508,3431,3429,3428,990,3430],"class_list":["post-1803","post","type-post","status-publish","format-standard","has-post-thumbnail","hentry","category-miestu-naujienos","tag-himna","tag-kas","tag-kaune","tag-mikutavicius","tag-scena","tag-sugiedojus","tag-vyksta","tag-zenge"],"aioseo_notices":[],"_links":{"self":[{"href":"https:\/\/pasaulioprojektai.lt\/index.php\/wp-json\/wp\/v2\/posts\/1803","targetHints":{"allow":["GET"]}}],"collection":[{"href":"https:\/\/pasaulioprojektai.lt\/index.php\/wp-json\/wp\/v2\/posts"}],"about":[{"href":"https:\/\/pasaulioprojektai.lt\/index.php\/wp-json\/wp\/v2\/types\/post"}],"author":[{"embeddable":true,"href":"https:\/\/pasaulioprojektai.lt\/index.php\/wp-json\/wp\/v2\/users\/1"}],"replies":[{"embeddable":true,"href":"https:\/\/pasaulioprojektai.lt\/index.php\/wp-json\/wp\/v2\/comments?post=1803"}],"version-history":[{"count":0,"href":"https:\/\/pasaulioprojektai.lt\/index.php\/wp-json\/wp\/v2\/posts\/1803\/revisions"}],"wp:featuredmedia":[{"embeddable":true,"href":"https:\/\/pasaulioprojektai.lt\/index.php\/wp-json\/wp\/v2\/media\/1804"}],"wp:attachment":[{"href":"https:\/\/pasaulioprojektai.lt\/index.php\/wp-json\/wp\/v2\/media?parent=1803"}],"wp:term":[{"taxonomy":"category","embeddable":true,"href":"https:\/\/pasaulioprojektai.lt\/index.php\/wp-json\/wp\/v2\/categories?post=1803"},{"taxonomy":"post_tag","embeddable":true,"href":"https:\/\/pasaulioprojektai.lt\/index.php\/wp-json\/wp\/v2\/tags?post=1803"}],"curies":[{"name":"wp","href":"https:\/\/api.w.org\/{rel}","templated":true}]}}