{"id":1897,"date":"2025-11-19T01:06:40","date_gmt":"2025-11-19T01:06:40","guid":{"rendered":"https:\/\/pasaulioprojektai.lt\/index.php\/2025\/11\/19\/embraer-orlaiviams-papildomu-pinigu-kol-kas-nera-bet-sprendimai-po-stt-tyrimo-kas-vyksta-kaune\/"},"modified":"2025-11-19T01:06:40","modified_gmt":"2025-11-19T01:06:40","slug":"embraer-orlaiviams-papildomu-pinigu-kol-kas-nera-bet-sprendimai-po-stt-tyrimo-kas-vyksta-kaune","status":"publish","type":"post","link":"https:\/\/pasaulioprojektai.lt\/index.php\/2025\/11\/19\/embraer-orlaiviams-papildomu-pinigu-kol-kas-nera-bet-sprendimai-po-stt-tyrimo-kas-vyksta-kaune\/","title":{"rendered":"\u201eEmbraer\u201c orlaiviams papildom\u0173 pinig\u0173 kol kas n\u0117ra, bet sprendimai \u2013 po STT tyrimo \u2013 Kas vyksta Kaune"},"content":{"rendered":"<p><\/p>\n<div>\n<p><strong>Kra\u0161to apsaugos ministras Robertas Kaunas sako, kad \u0161iuo metu brazili\u0161kiems transporto l\u0117ktuvams \u201eEmbraer\u201c papildom\u0173 pinig\u0173 kol kas n\u0117ra, ta\u010diau sprendim\u0105 d\u0117l j\u0173 \u012fsigijimo \u017eada po Speciali\u0173j\u0173 tyrim\u0173 tarnybos (STT) tyrimo.<\/strong><\/p>\n<p>\u201e\u0160i\u0105 dien\u0105, \u0161i\u0105 minut\u0119 a\u0161 ai\u0161ki\u0173 l\u0117\u0161\u0173 \u0161altini\u0173 tokiems orlaiviams \u012fsigyti neturiu. Jeigu mes juos rasim, tada gal\u0117sime klausim\u0105 t\u0119sti, \u2013 antradien\u012f LRT laidoje \u201eDienos tema\u201c sak\u0117 kra\u0161to apsaugos ministras. \u2013 A\u0161 \u201eEmbraeri\u0173\u201c klausim\u0105 \u0161iai dienai palieku po STT tyrimo.\u201c<\/p>\n<blockquote class=\"wp-embedded-content\" data-secret=\"pWqMj9Grp9\">\n<p>STT prad\u0117jus ikiteismin\u012f tyrim\u0105, KAM ne\u017eada stabdyti brazili\u0161k\u0173 orlaivi\u0173 \u012fsigijimo<\/p>\n<\/blockquote>\n<p><iframe loading=\"lazy\" class=\"wp-embedded-content\" sandbox=\"allow-scripts\" security=\"restricted\" style=\"position: absolute; visibility: hidden;\" title=\"\u201cSTT prad\u0117jus ikiteismin\u012f tyrim\u0105, KAM ne\u017eada stabdyti brazili\u0161k\u0173 orlaivi\u0173 \u012fsigijimo\u201d \u2014 Kas vyksta Kaune\" src=\"https:\/\/kaunas.kasvyksta.lt\/2025\/09\/20\/lietuvoje\/stt-pradejus-ikiteismini-tyrima-kam-nezada-stabdyti-brazilisku-orlaiviu-isigijimo\/embed\/#?secret=pHxPtrOdjg#?secret=pWqMj9Grp9\" data-secret=\"pWqMj9Grp9\" width=\"600\" height=\"338\" frameborder=\"0\" marginwidth=\"0\" marginheight=\"0\" scrolling=\"no\"><\/iframe><\/p>\n<p>Kaip skelb\u0117 BNS, tyrim\u0105 tarnyb\u0105 d\u0117l trij\u0173 orlaivi\u0173 \u201eEmbraer\u201c C-390 pirkimo prad\u0117jo siekdama \u201epa\u0161alinti i\u0161keltas abejones ir atsakyti \u012f klausimus d\u0117l kra\u0161to apsaugos pirkim\u0173 proced\u016br\u0173 skaidrumo\u201c.<\/p>\n<p>Buvusi kra\u0161to apsaugos ministr\u0117 Dovil\u0117 \u0160akalien\u0117 yra sakiusi, kad \u0161i\u0173 transporto l\u0117ktuv\u0173 reikia kariuomenei, o juos finansuoti planuota europin\u0117mis l\u0117\u0161omis.<\/p>\n<p>\u201eGird\u017eiu kariuomen\u0119, kad jie matyt\u0173 poreik\u012f b\u016btent transporto l\u0117ktuv\u0173, ta\u010diau d\u0117l \u201eEmbraeri\u0173\u201c klausimo \u0161iandien turime STT tyrim\u0105, kuris dar n\u0117ra baigtas, taip kad reik\u0117t\u0173 pirmiausia sulaukti i\u0161vad\u0173. Tada yra tiesiog ka\u0161t\u0173 naudos analiz\u0117\u201c, \u2013 kalb\u0117jo R. Kaunas.<\/p>\n<p>Pasak jo, reikia \u012fvertinti, ar labiau apsimoka pirkti naujus l\u0117ktuvus, ar remontuoti senus \u2013 \u0161iuo metu naudojamus \u201eSpartan\u201c orlaivius.<\/p>\n<p>\u201eMes turime \u0161iai dienai Spartanus, kuriuos reikia iki 2030 met\u0173 modernizuoti, tai kainuos apie 150\u2013200 mln. eur\u0173. (\u2026) V\u0117lgi j\u0173 tarnavimo laikas eina \u012f pabaig\u0105. Taip, kad \u010dia reik\u0117t\u0173 labai gerai \u012fsivertinti\u201c, \u2013 sak\u0117 kra\u0161to apsaugos ministras.<\/p>\n<p>Tiksli brazili\u0161k\u0173 orlaivi\u0173 suma dar n\u0117ra ai\u0161ki, ta\u010diau preliminariai jie tur\u0117t\u0173 kainuoti apie 700 mln. eur\u0173.<\/p>\n<\/p><\/div>\n<p><a href=\"https:\/\/kaunas.kasvyksta.lt\/2025\/11\/18\/lietuvoje\/r-kaunas-embraer-orlaiviams-papildomu-pinigu-kol-kas-nera-bet-sprendimai-po-stt-tyrimo\/\"> Nuoroda \u012f informacijos \u0161altin\u012f <\/a><\/p>\n","protected":false},"excerpt":{"rendered":"<p>Kra\u0161to apsaugos ministras Robertas Kaunas sako, kad \u0161iuo metu brazili\u0161kiems transporto l\u0117ktuvams \u201eEmbraer\u201c papildom\u0173 pinig\u0173 kol kas n\u0117ra, ta\u010diau sprendim\u0105 d\u0117l j\u0173 \u012fsigijimo \u017eada po Speciali\u0173j\u0173 tyrim\u0173 tarnybos (STT) tyrimo. \u201e\u0160i\u0105 dien\u0105, \u0161i\u0105 minut\u0119 a\u0161 ai\u0161ki\u0173 l\u0117\u0161\u0173 \u0161altini\u0173 tokiems orlaiviams \u012fsigyti neturiu. Jeigu mes juos rasim, tada gal\u0117sime klausim\u0105 t\u0119sti, \u2013 antradien\u012f LRT laidoje \u201eDienos [&hellip;]<\/p>\n","protected":false},"author":1,"featured_media":1898,"comment_status":"","ping_status":"","sticky":false,"template":"","format":"standard","meta":{"om_disable_all_campaigns":false,"_monsterinsights_skip_tracking":false,"_monsterinsights_sitenote_active":false,"_monsterinsights_sitenote_note":"","_monsterinsights_sitenote_category":0,"footnotes":""},"categories":[484],"tags":[120,3589,34,508,355,278,3590,2968,527,652,3591,3592,990],"class_list":["post-1897","post","type-post","status-publish","format-standard","has-post-thumbnail","hentry","category-miestu-naujienos","tag-bet","tag-embraer","tag-kas","tag-kaune","tag-kol","tag-nera","tag-orlaiviams","tag-papildomu","tag-pinigu","tag-sprendimai","tag-stt","tag-tyrimo","tag-vyksta"],"aioseo_notices":[],"_links":{"self":[{"href":"https:\/\/pasaulioprojektai.lt\/index.php\/wp-json\/wp\/v2\/posts\/1897","targetHints":{"allow":["GET"]}}],"collection":[{"href":"https:\/\/pasaulioprojektai.lt\/index.php\/wp-json\/wp\/v2\/posts"}],"about":[{"href":"https:\/\/pasaulioprojektai.lt\/index.php\/wp-json\/wp\/v2\/types\/post"}],"author":[{"embeddable":true,"href":"https:\/\/pasaulioprojektai.lt\/index.php\/wp-json\/wp\/v2\/users\/1"}],"replies":[{"embeddable":true,"href":"https:\/\/pasaulioprojektai.lt\/index.php\/wp-json\/wp\/v2\/comments?post=1897"}],"version-history":[{"count":0,"href":"https:\/\/pasaulioprojektai.lt\/index.php\/wp-json\/wp\/v2\/posts\/1897\/revisions"}],"wp:featuredmedia":[{"embeddable":true,"href":"https:\/\/pasaulioprojektai.lt\/index.php\/wp-json\/wp\/v2\/media\/1898"}],"wp:attachment":[{"href":"https:\/\/pasaulioprojektai.lt\/index.php\/wp-json\/wp\/v2\/media?parent=1897"}],"wp:term":[{"taxonomy":"category","embeddable":true,"href":"https:\/\/pasaulioprojektai.lt\/index.php\/wp-json\/wp\/v2\/categories?post=1897"},{"taxonomy":"post_tag","embeddable":true,"href":"https:\/\/pasaulioprojektai.lt\/index.php\/wp-json\/wp\/v2\/tags?post=1897"}],"curies":[{"name":"wp","href":"https:\/\/api.w.org\/{rel}","templated":true}]}}