{"id":1917,"date":"2025-12-18T14:05:20","date_gmt":"2025-12-18T14:05:20","guid":{"rendered":"https:\/\/pasaulioprojektai.lt\/index.php\/2025\/12\/18\/guillermo-del-toro-frankensteino-paroda-atvyksta-i-holivuda\/"},"modified":"2025-12-18T14:05:20","modified_gmt":"2025-12-18T14:05:20","slug":"guillermo-del-toro-frankensteino-paroda-atvyksta-i-holivuda","status":"publish","type":"post","link":"https:\/\/pasaulioprojektai.lt\/index.php\/2025\/12\/18\/guillermo-del-toro-frankensteino-paroda-atvyksta-i-holivuda\/","title":{"rendered":"Guillermo del Toro \u201eFranken\u0161teino\u201c paroda atvyksta \u012f Holivud\u0105"},"content":{"rendered":"<p><\/p>\n<div>\n<p>Guillermo del Toro gerb\u0117jai, gyvenantys ne Londone, tro\u0161ko i\u0161 tolo steb\u0117ti dekoratyv\u0173 k\u016brybinio darbo didingum\u0105, rodom\u0105 \u201eFrankenstein: Crafting a Tale Eternal\u201c \u2013 nuostabiai atrodan\u010dioje parodoje, skirtoje neseniai re\u017eisieriaus i\u0161leistai \u201eNetflix\u201c. \u012e m\u016bs\u0173 maldas raudonajam \u0161ventajam buvo atsakyta, nes \u201eDeadline\u201c patvirtina, kad jis vyksta \u012f Los And\u017eel\u0105, o laikas leid\u017eia manyti, kad jis tikisi pad\u0117ti kino teismui balsuoti u\u017e \u201eOskar\u0105\u201c, ta\u010diau bet kuris pabais\u0173 myl\u0117tojas rajone gali planuoti tai patikrinti.<\/p>\n<p>\u012esp\u016bdinga patirtis prasid\u0117s 2026 m. sausio 5\u201311 d. Los And\u017eele, NYA Studios West, o apdovanojim\u0173 sezono rink\u0117jams bus rodomi sud\u0117tingi ir stulbinantys amat\u0173 kategorijos kandidatai. Prekybininkai kalb\u0117josi su del Toro apie naujienas, o filmo k\u016br\u0117jas, kuris teig\u0117, kad per\u0117jimas i\u0161 Londono \u012f Los And\u017eel\u0105 jau seniai buvo planas, pavadino parod\u0105 \u201eatskleid\u017eian\u010dia\u201c.<\/p>\n<p>\u201eAm\u017einos pasakos k\u016brimas\u201c demonstruoja \u201eBleak House\u201c \u012fkv\u0117pt\u0105 patirt\u012f, u\u017epildyt\u0105 kostiumais, rekvizitais, meno k\u016briniais ir filme rodomais \u201eTiffany &#038; Co.\u201c papuo\u0161alais, taip pat ret\u0173 knyg\u0173 kuracija, kuri\u0105 kuravo firma Peteris Harringtonas, pagerbdamas autor\u0117s Mary Shelley palikim\u0105.<\/p>\n<p>\u201eSu <em>Franken\u0161teinas,<\/em> nor\u0117jome i\u0161bandyti kiekvieno kino k\u016brimo amato \u2013 rank\u0173 darbo rinkini\u0173, miniati\u016br\u0173, drabu\u017ei\u0173 spintos ir kinematografijos \u2013 ribas, o \u0161i paroda yra t\u0173 tradicij\u0173 \u0161vent\u0117\u201c, \u2013 sak\u0117 del Toro. \u201eMan yra garb\u0117 pakviesti visus atid\u017eiau pa\u017evelgti \u012f tai, kaip m\u016bs\u0173 amat\u0173 komanda ir a\u0161 kruop\u0161\u010diai ir visapusi\u0161kai stengiam\u0117s atne\u0161ti savo gyvenim\u0105 \u012f pasaul\u012f, kur\u012f Shelle&#8217;le steng\u0117m\u0117s. operiniu b\u016bdu\u201c.<\/p>\n<p>Kai bus atidaryta Los And\u017eelo paroda, Luko muziejaus Mellody Hobson ir George&#8217;as Lucasas surengs ir moderuos special\u0173 per\u017ei\u016br\u0105 kartu su film\u0173 k\u016brimo komanda. Prekybos ataskaitose bus daugiau program\u0173 ir tam tikromis dienomis bus pasi\u016blyti nemokami bilietai.<\/p>\n<p>Guillermo del Toro<em> Franken\u0161teinas<\/em> dabar transliuojama per \u201eNetflix\u201c.<\/p>\n<blockquote>\n<p>Norite daugiau io9 naujien\u0173? Su\u017einokite, kada tik\u0117tis naujausi\u0173 \u201eMarvel\u201c, \u201e\u017dvaig\u017ed\u017ei\u0173 kar\u0173\u201c ir \u201e\u017dvaig\u017ed\u017ei\u0173 kelio\u201c leidim\u0173, kas bus toliau su \u201eDC Universe\u201c filmuose ir televizijoje, ir visk\u0105, k\u0105 reikia \u017einoti apie \u201eDoctor Who\u201c ateit\u012f.<\/p>\n<\/blockquote><\/div>\n<p><a href=\"https:\/\/gizmodo.com\/psst-oscar-voters-guillermo-del-toros-frankenstein-exhibit-is-coming-to-hollywood-2000701117\"> Nuoroda \u012f informacijos \u0161altin\u012f <\/a><\/p>\n","protected":false},"excerpt":{"rendered":"<p>Guillermo del Toro gerb\u0117jai, gyvenantys ne Londone, tro\u0161ko i\u0161 tolo steb\u0117ti dekoratyv\u0173 k\u016brybinio darbo didingum\u0105, rodom\u0105 \u201eFrankenstein: Crafting a Tale Eternal\u201c \u2013 nuostabiai atrodan\u010dioje parodoje, skirtoje neseniai re\u017eisieriaus i\u0161leistai \u201eNetflix\u201c. \u012e m\u016bs\u0173 maldas raudonajam \u0161ventajam buvo atsakyta, nes \u201eDeadline\u201c patvirtina, kad jis vyksta \u012f Los And\u017eel\u0105, o laikas leid\u017eia manyti, kad jis tikisi pad\u0117ti kino [&hellip;]<\/p>\n","protected":false},"author":1,"featured_media":1918,"comment_status":"","ping_status":"","sticky":false,"template":"","format":"standard","meta":{"om_disable_all_campaigns":false,"_monsterinsights_skip_tracking":false,"_monsterinsights_sitenote_active":false,"_monsterinsights_sitenote_note":"","_monsterinsights_sitenote_category":0,"footnotes":""},"categories":[3],"tags":[3624,84,3623,3621,2880,589,3622],"class_list":["post-1917","post","type-post","status-publish","format-standard","has-post-thumbnail","hentry","category-technologijos","tag-atvyksta","tag-del","tag-frankensteino","tag-guillermo","tag-holivuda","tag-paroda","tag-toro"],"aioseo_notices":[],"_links":{"self":[{"href":"https:\/\/pasaulioprojektai.lt\/index.php\/wp-json\/wp\/v2\/posts\/1917","targetHints":{"allow":["GET"]}}],"collection":[{"href":"https:\/\/pasaulioprojektai.lt\/index.php\/wp-json\/wp\/v2\/posts"}],"about":[{"href":"https:\/\/pasaulioprojektai.lt\/index.php\/wp-json\/wp\/v2\/types\/post"}],"author":[{"embeddable":true,"href":"https:\/\/pasaulioprojektai.lt\/index.php\/wp-json\/wp\/v2\/users\/1"}],"replies":[{"embeddable":true,"href":"https:\/\/pasaulioprojektai.lt\/index.php\/wp-json\/wp\/v2\/comments?post=1917"}],"version-history":[{"count":0,"href":"https:\/\/pasaulioprojektai.lt\/index.php\/wp-json\/wp\/v2\/posts\/1917\/revisions"}],"wp:featuredmedia":[{"embeddable":true,"href":"https:\/\/pasaulioprojektai.lt\/index.php\/wp-json\/wp\/v2\/media\/1918"}],"wp:attachment":[{"href":"https:\/\/pasaulioprojektai.lt\/index.php\/wp-json\/wp\/v2\/media?parent=1917"}],"wp:term":[{"taxonomy":"category","embeddable":true,"href":"https:\/\/pasaulioprojektai.lt\/index.php\/wp-json\/wp\/v2\/categories?post=1917"},{"taxonomy":"post_tag","embeddable":true,"href":"https:\/\/pasaulioprojektai.lt\/index.php\/wp-json\/wp\/v2\/tags?post=1917"}],"curies":[{"name":"wp","href":"https:\/\/api.w.org\/{rel}","templated":true}]}}