{"id":386,"date":"2024-09-30T06:40:19","date_gmt":"2024-09-30T06:40:19","guid":{"rendered":"https:\/\/pasaulioprojektai.lt\/index.php\/2024\/09\/30\/meta-perkure-instagram-ir-facebook-savo-quest-ausinems\/"},"modified":"2024-09-30T07:11:46","modified_gmt":"2024-09-30T07:11:46","slug":"meta-perkure-instagram-ir-facebook-savo-quest-ausinems","status":"publish","type":"post","link":"https:\/\/pasaulioprojektai.lt\/index.php\/2024\/09\/30\/meta-perkure-instagram-ir-facebook-savo-quest-ausinems\/","title":{"rendered":"\u201eMeta\u201c perk\u016br\u0117 \u201eInstagram\u201c ir \u201eFacebook\u201c savo \u201eQuest\u201c ausin\u0117ms"},"content":{"rendered":"\n<div>\n<p id=\"speakable-summary\" class=\"wp-block-paragraph\">Tre\u010diadien\u012f kasmetiniame \u201eMeta Connect\u201c renginyje \u201eMeta\u201c generalinis direktorius Markas Zuckerbergas paskelb\u0117, kad bendrov\u0117 perk\u016br\u0117 savo <a href=\"https:\/\/teisineskonsultacijos.lt\/mediacija-gincu-sprendimas-neteisiniu-budu-konsultuoja-teisininkas\/\">socialines programas<\/a>, pritaikytas mi\u0161riai realybei.<\/p>\n<p class=\"wp-block-paragraph\">\u201eTurime visas naujas \u201eInstagram\u201c ir \u201eFacebook\u201c funkcijas, kad j\u016bs\u0173 sklaidos kanalai ir rit\u0117s b\u016bt\u0173 \u012ftrauktos \u012f mi\u0161ri\u0105 realyb\u0119\u201c, \u2013 sak\u0117 Zuckerbergas. \u201eTikrai gra\u017ei s\u0105saja, kad gal\u0117tum\u0117te atsilo\u0161ti ir m\u0117gautis turiniu gra\u017eiuose dideliuose ekranuose.<\/p>\n<p class=\"wp-block-paragraph\">Oficialus prane\u0161imas paskelbtas, kai Zuckerbergas bir\u017eelio m\u0117nes\u012f paskelb\u0117, kad bendrov\u0117 i\u0161bando b\u016bd\u0105, kaip <a href=\"https:\/\/www.fotofilmai.lt\">vartotojai gal\u0117t\u0173 \u017ei\u016br\u0117ti<\/a> \u201eReels\u201c savo \u201eQuest\u201c ausin\u0117se.<\/p>\n<p class=\"wp-block-paragraph\">Pertvarkydama savo socialinio tinklo VR programas, kad jos geriau veikt\u0173 \u201eQuest\u201c, \u201eMeta\u201c stengiasi susieti skirtingas programas ir sistemas.<\/p>\n<p class=\"wp-block-paragraph\">Bendrov\u0117 taip pat paskelb\u0117, kad atk\u016br\u0117 \u201eMeta Horizon OS\u201c, skirt\u0105 erdviniam skai\u010diavimui, suteikdama geresn\u012f 2D program\u0173, pvz., \u201eYouTube\u201c, \u201eFacebook\u201c ir \u201eInstagram\u201c palaikym\u0105, ir prid\u0117jo dinamin\u012f <a href=\"https:\/\/www.perrasymas.lt\/Kino-juostu-perrasymas\">erdvin\u012f gars\u0105<\/a> skydams, kurie yra sta\u010diakampiai pavir\u0161iai, kuriuose rodomas 2D program\u0173 turinys. Quest.<\/p>\n<\/div>\n\n<p><a href=\"https:\/\/techcrunch.com\/2024\/09\/25\/meta-has-rebuilt-instagram-and-facebook-for-its-quest-headsets\/\">Source link <\/a><\/p>\n","protected":false},"excerpt":{"rendered":"<p>Tre\u010diadien\u012f kasmetiniame \u201eMeta Connect\u201c renginyje \u201eMeta\u201c generalinis direktorius Markas Zuckerbergas paskelb\u0117, kad bendrov\u0117 perk\u016br\u0117 savo socialines programas, pritaikytas mi\u0161riai realybei. \u201eTurime visas naujas \u201eInstagram\u201c ir \u201eFacebook\u201c funkcijas, kad j\u016bs\u0173 sklaidos kanalai ir rit\u0117s b\u016bt\u0173 \u012ftrauktos \u012f mi\u0161ri\u0105 realyb\u0119\u201c, \u2013 sak\u0117 Zuckerbergas. \u201eTikrai gra\u017ei s\u0105saja, kad gal\u0117tum\u0117te atsilo\u0161ti ir m\u0117gautis turiniu gra\u017eiuose dideliuose ekranuose. Oficialus prane\u0161imas [&hellip;]<\/p>\n","protected":false},"author":1,"featured_media":387,"comment_status":"open","ping_status":"open","sticky":false,"template":"","format":"standard","meta":{"om_disable_all_campaigns":false,"_monsterinsights_skip_tracking":false,"_monsterinsights_sitenote_active":false,"_monsterinsights_sitenote_note":"","_monsterinsights_sitenote_category":0,"footnotes":""},"categories":[3],"tags":[339,337,336,334,335,338,70],"class_list":["post-386","post","type-post","status-publish","format-standard","has-post-thumbnail","hentry","category-technologijos","tag-ausinems","tag-facebook","tag-instagram","tag-meta","tag-perkure","tag-quest","tag-savo"],"aioseo_notices":[],"_links":{"self":[{"href":"https:\/\/pasaulioprojektai.lt\/index.php\/wp-json\/wp\/v2\/posts\/386","targetHints":{"allow":["GET"]}}],"collection":[{"href":"https:\/\/pasaulioprojektai.lt\/index.php\/wp-json\/wp\/v2\/posts"}],"about":[{"href":"https:\/\/pasaulioprojektai.lt\/index.php\/wp-json\/wp\/v2\/types\/post"}],"author":[{"embeddable":true,"href":"https:\/\/pasaulioprojektai.lt\/index.php\/wp-json\/wp\/v2\/users\/1"}],"replies":[{"embeddable":true,"href":"https:\/\/pasaulioprojektai.lt\/index.php\/wp-json\/wp\/v2\/comments?post=386"}],"version-history":[{"count":1,"href":"https:\/\/pasaulioprojektai.lt\/index.php\/wp-json\/wp\/v2\/posts\/386\/revisions"}],"predecessor-version":[{"id":413,"href":"https:\/\/pasaulioprojektai.lt\/index.php\/wp-json\/wp\/v2\/posts\/386\/revisions\/413"}],"wp:featuredmedia":[{"embeddable":true,"href":"https:\/\/pasaulioprojektai.lt\/index.php\/wp-json\/wp\/v2\/media\/387"}],"wp:attachment":[{"href":"https:\/\/pasaulioprojektai.lt\/index.php\/wp-json\/wp\/v2\/media?parent=386"}],"wp:term":[{"taxonomy":"category","embeddable":true,"href":"https:\/\/pasaulioprojektai.lt\/index.php\/wp-json\/wp\/v2\/categories?post=386"},{"taxonomy":"post_tag","embeddable":true,"href":"https:\/\/pasaulioprojektai.lt\/index.php\/wp-json\/wp\/v2\/tags?post=386"}],"curies":[{"name":"wp","href":"https:\/\/api.w.org\/{rel}","templated":true}]}}