{"id":532,"date":"2024-10-14T08:13:35","date_gmt":"2024-10-14T08:13:35","guid":{"rendered":"https:\/\/pasaulioprojektai.lt\/index.php\/2024\/10\/14\/internete-pagarsejusios-moters-nuomota-buta-padeges-vyras-isgirdo-teismo-nuosprendi\/"},"modified":"2024-10-14T08:13:35","modified_gmt":"2024-10-14T08:13:35","slug":"internete-pagarsejusios-moters-nuomota-buta-padeges-vyras-isgirdo-teismo-nuosprendi","status":"publish","type":"post","link":"https:\/\/pasaulioprojektai.lt\/index.php\/2024\/10\/14\/internete-pagarsejusios-moters-nuomota-buta-padeges-vyras-isgirdo-teismo-nuosprendi\/","title":{"rendered":"Internete pagars\u0117jusios moters nuomot\u0105 but\u0105 padeg\u0119s vyras i\u0161girdo teismo nuosprend\u012f"},"content":{"rendered":"<p> <br \/>\n<\/p>\n<p><\/p>\n<p>Panev\u0117\u017eio rajono gyventojas V. \u0160. pripa\u017eintas kaltu d\u0117l svetimo turto sugadinimo visuotinai pavojingu b\u016bdu. U\u017e tai, kad \u012fmet\u0119s degan\u010di\u0105 petard\u0105 \u012f but\u0105, kuriame tuo metu gyveno socialiniuose tinkluose pagars\u0117jusi moteris, suk\u0117l\u0117 gaisr\u0105, kaltinamajam skirta are\u0161to bausm\u0117.<\/p>\n<p>V. \u0160. but\u0105, kur\u012f nuomavosi socialiniuose tinkluose aktyviai besirei\u0161kianti moteris, padeg\u0117 2023 met\u0173 gruod\u017eio vakar\u0105. \u012e buto duris paskambin\u0119s vyras palauk\u0117, kol nuominink\u0117 jas atidarys ir met\u0117 \u012f vid\u0173 u\u017edegt\u0105 petard\u0105. Buto koridoriuje kilus gaisrui apdeg\u0117 medin\u0117s grindys ir durys, o padeg\u0117jas pab\u0117go.<\/p>\n<p>Atvykusiems policijos pareig\u016bnams buto nuominink\u0117 \u012fvardijo, kad gaisr\u0105 suk\u0117l\u0117 taip pat socialiniuose tinkluose populiarumo siekiantis V. \u0160. Jos teigimu, \u0161is vyras jau ne kart\u0105 anks\u010diau band\u0117 su ja susitikti.<\/p>\n<p>D\u0117l gaisro moteris teig\u0117 turtin\u0117s \u017ealos nepatyrusi, nes jos daiktai nenukent\u0117jo. Buto \u0161eimininkas patirtus nuostolius \u012fvertino 1415 eur\u0173, ta\u010diau civilinio ie\u0161kinio \u0161ioje byloje jis nerei\u0161k\u0117, nes kreip\u0117si \u012f teism\u0105 civilinio proceso tvarka d\u0117l patirt\u0173 nuostoli\u0173 prisiteisimo i\u0161 buvusios nuominink\u0117s u\u017e, savininko teigimu, suniokot\u0105 vis\u0105 but\u0105.<\/p>\n<p>Ikiteismin\u012f tyrim\u0105 \u0161ioje byloje atliko Panev\u0117\u017eio miesto ir rajono policijos komisariato pareig\u016bnai, o tyrimui vadovavo ir valstybin\u012f kaltinim\u0105 teisme palaik\u0117 Panev\u0117\u017eio apygardos prokurat\u016bros Panev\u0117\u017eio apylink\u0117s prokurat\u016bros vyriausiosios prokuror\u0117s pavaduotojas Paulius Jasiukaitis.<\/p>\n<p>Prokuroro teigimu, kaltinamasis savo kalt\u0119 pripa\u017eino, ta\u010diau teig\u0117 neman\u0119s, kad kils gaisras, jis es\u0105 tiesiog nor\u0117jo pasijuokti i\u0161 \u0161io buto gyventojos, nes ji per savo tiesiogines transliacijas viename socialiniame tinkle buvo j\u012f pa\u017eeminusi.<\/p>\n<p>Byl\u0105 i\u0161nagrin\u0117j\u0119 Panev\u0117\u017eio apylink\u0117s teismo Panev\u0117\u017eio r\u016bmai spalio 9 d. V. \u0160. pripa\u017eino kaltu ir, subendrin\u0119, skyr\u0117 jam 30 par\u0173 are\u0161to bausm\u0119, kuri\u0105 jis prival\u0117s atlikti Kal\u0117jim\u0173 departamento \u0160iauli\u0173 kal\u0117jime.<\/p>\n<p>Nuosprendis per 20 dien\u0173 nuo jo paskelbimo gali b\u016bti skund\u017eiamas Panev\u0117\u017eio apygardos teismui.<\/p>\n<p>\u0160ia publikacija dalinasi Lietuvos region\u0173 naujien\u0173 portalas \u201eMiesto naujienos\u201c. Daugiau sau ir savo miestui aktuali\u0173 naujien\u0173 rasite portale Miesto naujienos.<\/p>\n<p><br \/>\n<br \/><a href=\"https:\/\/miestonaujienos.lt\/internete-pagarsejusios-moters-nuomota-buta-padeges-vyras-isgirdo-teismo-nuosprendi\/\">Source link <\/a><\/p>\n","protected":false},"excerpt":{"rendered":"<p>Panev\u0117\u017eio rajono gyventojas V. \u0160. pripa\u017eintas kaltu d\u0117l svetimo turto sugadinimo visuotinai pavojingu b\u016bdu. U\u017e tai, kad \u012fmet\u0119s degan\u010di\u0105 petard\u0105 \u012f but\u0105, kuriame tuo metu gyveno socialiniuose tinkluose pagars\u0117jusi moteris, suk\u0117l\u0117 gaisr\u0105, kaltinamajam skirta are\u0161to bausm\u0117. V. \u0160. but\u0105, kur\u012f nuomavosi socialiniuose tinkluose aktyviai besirei\u0161kianti moteris, padeg\u0117 2023 met\u0173 gruod\u017eio vakar\u0105. \u012e buto duris paskambin\u0119s [&hellip;]<\/p>\n","protected":false},"author":1,"featured_media":533,"comment_status":"open","ping_status":"open","sticky":false,"template":"","format":"standard","meta":{"om_disable_all_campaigns":false,"_monsterinsights_skip_tracking":false,"_monsterinsights_sitenote_active":false,"_monsterinsights_sitenote_note":"","_monsterinsights_sitenote_category":0,"footnotes":""},"categories":[484],"tags":[701,697,704,699,700,706,702,698,705,703],"class_list":["post-532","post","type-post","status-publish","format-standard","has-post-thumbnail","hentry","category-miestu-naujienos","tag-buta","tag-internete","tag-isgirdo","tag-moters","tag-nuomota","tag-nuosprendi","tag-padeges","tag-pagarsejusios","tag-teismo","tag-vyras"],"aioseo_notices":[],"_links":{"self":[{"href":"https:\/\/pasaulioprojektai.lt\/index.php\/wp-json\/wp\/v2\/posts\/532","targetHints":{"allow":["GET"]}}],"collection":[{"href":"https:\/\/pasaulioprojektai.lt\/index.php\/wp-json\/wp\/v2\/posts"}],"about":[{"href":"https:\/\/pasaulioprojektai.lt\/index.php\/wp-json\/wp\/v2\/types\/post"}],"author":[{"embeddable":true,"href":"https:\/\/pasaulioprojektai.lt\/index.php\/wp-json\/wp\/v2\/users\/1"}],"replies":[{"embeddable":true,"href":"https:\/\/pasaulioprojektai.lt\/index.php\/wp-json\/wp\/v2\/comments?post=532"}],"version-history":[{"count":0,"href":"https:\/\/pasaulioprojektai.lt\/index.php\/wp-json\/wp\/v2\/posts\/532\/revisions"}],"wp:featuredmedia":[{"embeddable":true,"href":"https:\/\/pasaulioprojektai.lt\/index.php\/wp-json\/wp\/v2\/media\/533"}],"wp:attachment":[{"href":"https:\/\/pasaulioprojektai.lt\/index.php\/wp-json\/wp\/v2\/media?parent=532"}],"wp:term":[{"taxonomy":"category","embeddable":true,"href":"https:\/\/pasaulioprojektai.lt\/index.php\/wp-json\/wp\/v2\/categories?post=532"},{"taxonomy":"post_tag","embeddable":true,"href":"https:\/\/pasaulioprojektai.lt\/index.php\/wp-json\/wp\/v2\/tags?post=532"}],"curies":[{"name":"wp","href":"https:\/\/api.w.org\/{rel}","templated":true}]}}