{"id":787,"date":"2024-11-11T18:47:01","date_gmt":"2024-11-11T18:47:01","guid":{"rendered":"https:\/\/pasaulioprojektai.lt\/index.php\/2024\/11\/11\/siekiant-tureti-divizija-iki-2030-m-gynybai-gali-reiketi-skirti-5-55-proc-nuo-bvp-kasmet-kas-vyksta-kaune\/"},"modified":"2024-11-11T18:47:01","modified_gmt":"2024-11-11T18:47:01","slug":"siekiant-tureti-divizija-iki-2030-m-gynybai-gali-reiketi-skirti-5-55-proc-nuo-bvp-kasmet-kas-vyksta-kaune","status":"publish","type":"post","link":"https:\/\/pasaulioprojektai.lt\/index.php\/2024\/11\/11\/siekiant-tureti-divizija-iki-2030-m-gynybai-gali-reiketi-skirti-5-55-proc-nuo-bvp-kasmet-kas-vyksta-kaune\/","title":{"rendered":"siekiant tur\u0117ti divizij\u0105 iki 2030 m., gynybai gali reik\u0117ti skirti 5\u20135,5 proc. nuo BVP kasmet \u2013 Kas vyksta Kaune"},"content":{"rendered":"<p> <br \/>\n<\/p>\n<div>\n<p><strong>Prezidentas Gitanas Naus\u0117da sako, kad norint, jog Lietuva 2030 m. tur\u0117t\u0173 suformuot\u0105 kariuomen\u0117s divizij\u0105, kasmet gynybai reik\u0117t\u0173 skirti 5\u20135,5 proc. nuo bendrojo vidaus\u00a0produkto\u00a0(BVP). Anot jo, Kra\u0161to apsaugos ministerijos (KAM) pateiktais duomenimis, divizijos \u012fgyvendinimui reikia apie 12 mlrd. eur\u0173.<\/strong><\/p>\n<p>\u201eTurime atsakyti \u012f klausim\u0105, jeigu negebame pagal dabartines i\u0161laidas \u012fgyvendinti nacionalin\u0117s divizijos laiku, kiek pinig\u0173 mums reikia, kad tai b\u016bt\u0173 padaryta taip, kaip nor\u0117jome, 2030 m.? Yra skirtingi skai\u010diavimai, (\u2026) gavome informacij\u0105 i\u0161 Kra\u0161to apsaugos ministerijos apie 12 mlrd. eur\u0173, bet tai yra 10-14 mlrd. eur\u0173\u201c, \u2013 pirmadien\u012f TV3 televizijai kalb\u0117jo G. Naus\u0117da.<\/p>\n<p>\u201eI\u0161d\u0117liokime \u0161i\u0105 sum\u0105 per \u0161e\u0161erius metus, iki 2030 m., mes gausime, prie dabartinio lygio, ma\u017edaug 1,5-2 proc. punkto papildomai. Kitaip tariant, vietoje 3,5 proc. gali reik\u0117ti 5 arba 5,5 proc.\u201c \u2013 pa\u017eym\u0117jo jis.<\/p>\n<p>G. Naus\u0117dos teigimu, principin\u012f susitarim\u0105 tarp partij\u0173 d\u0117l skolinimosi gynybai b\u016bt\u0173 galima pasiekti. Pasak jo, galimai valstyb\u0117s biud\u017eeto deficitas, siekiant reik\u0161mingai padidinti i\u0161laidas gynybai, gali vir\u0161yti Mastrichto kriterijuje numatyt\u0105 3 proc. rib\u0105.<\/p>\n<p>\u201eManau, kad principin\u012f sutarim\u0105 galima pasiekti ir jeigu jis bus pasiektas, tada reikia labai ai\u0161kiai nusimatyti k\u0105 turime daryti. Turiu omenyje ne tik apie konstitucin\u012f fiskalin\u0117s drausm\u0117s \u012fstatym\u0105, bet ir apie tai, kad artimiausiais metais reikia 1,25 mlrd. eur\u0173 papildom\u0173 l\u0117\u0161\u0173 prie t\u0173 pinig\u0173, kurie yra skiriami\u201c, \u2013 sak\u0117 \u0161alies vadovas.<\/p>\n<p>\u201eT\u0105 pasiekti galima skolinantis. (\u2026) Jeigu padidinsime gynybos i\u0161laidas reik\u0161minga suma, gali susidaryti situacija, kai biud\u017eeto deficitas didesnis negu 3 proc. (\u2026) Bet \u012ftilpimu \u012f 3 proc. BVP biud\u017eeto deficit\u0105 mes nuo prie\u0161o neapsiginsime\u201c, \u2013 tvirtino jis.<\/p>\n<p>Ta\u010diau prezidentas pa\u017eym\u0117jo, kad vir\u0161ijus 3 proc. deficit\u0105, reikt\u0173 svarstyti fiskalin\u0119 korekcij\u0105 b\u016bsimajame biud\u017eete bei galvoti apie augan\u010dius prabangos mokes\u010dius, progresyvumo didinim\u0105.<\/p>\n<p>\u201eTa\u010diau siekiant i\u0161laikyti tvarius valstyb\u0117s finansus, tais metais, kada vir\u0161ijame (3 proc. deficit\u0105 \u2013 ELTA), tur\u0117t\u0173 prasid\u0117ti diskusijos, ar kitais metais darysime fiskalin\u0119 korekcij\u0105 ir galb\u016bt \u012fvesime didesnius prabangos mokes\u010dius, galb\u016bt padidinsime progresyvum\u0105, kad i\u0161lindimas i\u0161 3 proc. deficito neb\u016bt\u0173 ilgalaikis rei\u0161kinys, kuris prad\u0117t\u0173 valstyb\u0117s skol\u0105 didinti ir bloginti kredito reitingus\u201c, \u2013 teig\u0117\u00a0G.\u00a0Naus\u0117da.<\/p>\n<p>ELTA primena, kad pernai gegu\u017e\u0119 Valstyb\u0117s gynimo taryba (VGT) pritar\u0117 Kra\u0161to apsaugos ministerijos (KAM) si\u016blymui Lietuvoje formuoti divizijos dyd\u017eio karin\u012f vienet\u0105. Divizij\u0105, kurios pagrind\u0105 sudaryt\u0173 Lietuvos \u201eGele\u017einio Vilko\u201c, \u201e\u017demaitijos\u201c ir \u201eAuk\u0161taitijos\u201c brigados, planuota suformuoti iki 2030 m.<\/p>\n<p>Finans\u0173 ministr\u0117 Gintar\u0117 Skaist\u0117 spalio viduryje vykusiame Seimo plenariniame pos\u0117dyje pateik\u0117 2025-2027 m valstyb\u0117s biud\u017eeto projekt\u0105.<\/p>\n<p>Vyriausyb\u0117s pateiktame kit\u0173 met\u0173 biud\u017eeto projekte numatyta, kad biud\u017eeto pajamos sieks 17,98 mlrd. eur\u0173, i\u0161laidos \u2013 23,02 mlrd. eur\u0173. Lyginant su \u0161iais metais, numatoma, kad biud\u017eeto pajamos augs 1 mlrd. eur\u0173 (5,9 proc.), i\u0161laidos \u2013 vir\u0161 2,4 mlrd. eur\u0173 (11,7 proc.).<\/p>\n<p>Vald\u017eios sektoriaus skola 2025 m. sudarys 43,2 proc. (ne\u012fvertinus ES balanso ir kaupimo poveikio \u2013 42,3 proc.), deficitas \u2013 3 proc.<\/p>\n<p>Kra\u0161to apsaugos ministerijos finansavimas su Gynybos fondu vir\u0161ys 2,5 mlrd. eur\u0173 ir sudarys 3,03 proc. BVP.<\/p>\n<p>Galiojant Mastrichto kriterijams, Europos S\u0105jungos \u0161alys, tame tarpe ir Lietuva, toliau tur\u0117s i\u0161laikyti ma\u017eesn\u012f nei 3 proc. nuo bendrojo vidaus produkto (BVP) biud\u017eeto deficit\u0105 bei netur\u0117ti didesn\u0117s nei 60 proc. BVP dyd\u017eio skolos.<\/p>\n<\/p><\/div>\n<p><br \/>\n<br \/><a href=\"https:\/\/kaunas.kasvyksta.lt\/2024\/11\/11\/lietuvoje\/g-nauseda-siekiant-tureti-divizija-iki-2030-m-gynybai-gali-reiketi-skirti-5-55-proc-nuo-bvp-kasmet\/\">Source link <\/a><\/p>\n","protected":false},"excerpt":{"rendered":"<p>Prezidentas Gitanas Naus\u0117da sako, kad norint, jog Lietuva 2030 m. tur\u0117t\u0173 suformuot\u0105 kariuomen\u0117s divizij\u0105, kasmet gynybai reik\u0117t\u0173 skirti 5\u20135,5 proc. nuo bendrojo vidaus\u00a0produkto\u00a0(BVP). Anot jo, Kra\u0161to apsaugos ministerijos (KAM) pateiktais duomenimis, divizijos \u012fgyvendinimui reikia apie 12 mlrd. eur\u0173. \u201eTurime atsakyti \u012f klausim\u0105, jeigu negebame pagal dabartines i\u0161laidas \u012fgyvendinti nacionalin\u0117s divizijos laiku, kiek pinig\u0173 mums reikia, [&hellip;]<\/p>\n","protected":false},"author":1,"featured_media":788,"comment_status":"","ping_status":"","sticky":false,"template":"","format":"standard","meta":{"om_disable_all_campaigns":false,"_monsterinsights_skip_tracking":false,"_monsterinsights_sitenote_active":false,"_monsterinsights_sitenote_note":"","_monsterinsights_sitenote_category":0,"footnotes":""},"categories":[484],"tags":[1361,1358,864,1359,315,34,1362,508,138,666,1360,1356,1175,1357,990],"class_list":["post-787","post","type-post","status-publish","format-standard","has-post-thumbnail","hentry","category-miestu-naujienos","tag-bvp","tag-divizija","tag-gali","tag-gynybai","tag-iki","tag-kas","tag-kasmet","tag-kaune","tag-nuo","tag-proc","tag-reiketi","tag-siekiant","tag-skirti","tag-tureti","tag-vyksta"],"aioseo_notices":[],"_links":{"self":[{"href":"https:\/\/pasaulioprojektai.lt\/index.php\/wp-json\/wp\/v2\/posts\/787","targetHints":{"allow":["GET"]}}],"collection":[{"href":"https:\/\/pasaulioprojektai.lt\/index.php\/wp-json\/wp\/v2\/posts"}],"about":[{"href":"https:\/\/pasaulioprojektai.lt\/index.php\/wp-json\/wp\/v2\/types\/post"}],"author":[{"embeddable":true,"href":"https:\/\/pasaulioprojektai.lt\/index.php\/wp-json\/wp\/v2\/users\/1"}],"replies":[{"embeddable":true,"href":"https:\/\/pasaulioprojektai.lt\/index.php\/wp-json\/wp\/v2\/comments?post=787"}],"version-history":[{"count":0,"href":"https:\/\/pasaulioprojektai.lt\/index.php\/wp-json\/wp\/v2\/posts\/787\/revisions"}],"wp:featuredmedia":[{"embeddable":true,"href":"https:\/\/pasaulioprojektai.lt\/index.php\/wp-json\/wp\/v2\/media\/788"}],"wp:attachment":[{"href":"https:\/\/pasaulioprojektai.lt\/index.php\/wp-json\/wp\/v2\/media?parent=787"}],"wp:term":[{"taxonomy":"category","embeddable":true,"href":"https:\/\/pasaulioprojektai.lt\/index.php\/wp-json\/wp\/v2\/categories?post=787"},{"taxonomy":"post_tag","embeddable":true,"href":"https:\/\/pasaulioprojektai.lt\/index.php\/wp-json\/wp\/v2\/tags?post=787"}],"curies":[{"name":"wp","href":"https:\/\/api.w.org\/{rel}","templated":true}]}}